{"id":956,"date":"2026-04-02T21:06:14","date_gmt":"2026-04-02T19:06:14","guid":{"rendered":"http:\/\/www.odborovysvaznovinaru.cz\/pages\/?p=956"},"modified":"2026-04-02T21:07:41","modified_gmt":"2026-04-02T19:07:41","slug":"svolani-mimoradneho-sjezdu-odboroveho-svazu-novinaru-a-pracovniku-medii","status":"publish","type":"post","link":"http:\/\/www.odborovysvaznovinaru.cz\/pages\/svolani-mimoradneho-sjezdu-odboroveho-svazu-novinaru-a-pracovniku-medii\/","title":{"rendered":"Svol\u00e1n\u00ed mimo\u0159\u00e1dn\u00e9ho sjezdu odborov\u00e9ho svazu novin\u00e1\u0159\u016f\u00a0\u00a0\u00a0\u00a0\u00a0\u00a0\u00a0\u00a0 a pracovn\u00edk\u016f m\u00e9di\u00ed"},"content":{"rendered":"\n<p><strong>V\u00e1\u017een\u00ed kolegov\u00e9 a kolegyn\u011b<\/strong><\/p>\n\n\n\n<p><strong>Dne 8.2.2026 jste obdr\u017eeli mimo\u0159\u00e1dnou zpr\u00e1vu o stavu na\u0161\u00ed organizace<\/strong>. Bohu\u017eel se na\u0161e v\u00fdzva nesetkala s&nbsp;va\u0161\u00ed reakc\u00ed a nikdo se neozval. Teprve v&nbsp;pr\u016fb\u011bhu b\u0159ezna po\u017e\u00e1dal kolega \u0160efl a kolegyn\u011b Hara\u0161tov\u00e1 o svol\u00e1n\u00ed druh\u00e9ho mimo\u0159\u00e1dn\u00e9ho sjezdu, kter\u00fd rozhodne o na\u0161em pokra\u010dov\u00e1n\u00ed v&nbsp;\u010dinnosti nebo jej\u00edm ukon\u010den\u00ed.<\/p>\n\n\n\n<p><strong>V&nbsp;souladu s&nbsp;\u010dl\u00e1nkem VI. Odstavec 5) a) svol\u00e1v\u00e1 v\u00fdkonn\u00fd v\u00fdbor VI. mimo\u0159\u00e1dn\u00fd sjezd&nbsp;&nbsp;&nbsp;&nbsp;&nbsp;&nbsp;&nbsp;&nbsp;&nbsp;&nbsp;&nbsp;&nbsp; OS NPM na st\u0159edu 29. 4. 2026 v&nbsp;16:00 hod. Sjezd se uskute\u010dn\u00ed v&nbsp;souladu se stanovami. Sjezd se bude konat na adrese Senov\u00e1\u017en\u00e9 n\u00e1m\u011bst\u00ed 23 Praha 1. M\u00edstnost bude up\u0159esn\u011bna t\u00fdden p\u0159ed kon\u00e1n\u00edm, a to po jej\u00edm potvrzen\u00ed administrativou spr\u00e1vce SMOSK.<\/strong><\/p>\n\n\n\n<p><strong>Na sjezdu budou m\u00edt hlasovac\u00ed pr\u00e1va ti \u010dlenov\u00e9, kte\u0159\u00ed do data kon\u00e1n\u00ed sjezdu uhrad\u00ed \u010dlensk\u00e9 p\u0159\u00edsp\u011bvky ve v\u00fd\u0161i, kterou stanovil v\u00fdbor svazu na rok 2026 a\u017e 2028, tedy ve v\u00fd\u0161i:<\/strong><\/p>\n\n\n\n<p><strong>a)\u00a0\u00a0\u00a0 u zam\u011bstnanc\u016f a OSV\u010c do 65 let &#8211; 1000 K\u010d ro\u010dn\u011b<\/strong><\/p>\n\n\n\n<p><strong>b)\u00a0\u00a0\u00a0 u senior\u016f od 66 let do 75 let v\u010detn\u011b &#8211; 700 K\u010d ro\u010dn\u011b<\/strong><\/p>\n\n\n\n<p><strong>c)&nbsp;&nbsp;&nbsp; u student\u016f a \u017een na mate\u0159sk\u00e9 dovolen\u00e9 300,-K\u010d ro\u010dn\u011b<\/strong><\/p>\n\n\n\n<p><strong>d)&nbsp;&nbsp;&nbsp; \u010destn\u00ed \u010dlenov\u00e9 80 let v\u010detn\u011b a v\u00fd\u0161e dobrovoln\u00fd p\u0159\u00edsp\u011bvek<\/strong><\/p>\n\n\n\n<p><strong>e)&nbsp;&nbsp;&nbsp; u \u010dlen\u016f Odborov\u00e9ho svazu Jednoty tlumo\u010dn\u00edk\u016f a p\u0159ekladatel\u016f 100,-K\u010d ro\u010dn\u011b<\/strong><\/p>\n\n\n\n<p><strong>Legitimace budou m\u00edt mimo\u0159\u00e1dn\u011b del\u0161\u00ed platnost vzhledem k&nbsp;onemocn\u011bn\u00ed \u010dlen\u016f v\u00fdkonn\u00e9ho v\u00fdboru a mimo\u0159\u00e1dn\u00e9mu sjezdu a to:<\/strong><\/p>\n\n\n\n<p><strong>Datum vyd\u00e1n\u00ed: 6. 4. 2026<\/strong><\/p>\n\n\n\n<p><strong>Platnost: do 3.4. 2028<\/strong><\/p>\n\n\n\n<p><strong>Zadn\u00ed strana: Plat\u00ed v roce 2026 &#8211; 2028<\/strong><\/p>\n\n\n\n<p><strong>P\u0159\u00edsp\u011bvky lze uhradit i na m\u00edst\u011b do rukou tajemn\u00edka svazu. Hlasovat na sjezdu mohou i \u010dlenov\u00e9, kte\u0159\u00ed daj\u00ed plnou moc na hlasov\u00e1n\u00ed p\u0159\u00edtomn\u00fdm \u010dlen\u016fm na sjezdu. Na sjezdu budu tak\u00e9 p\u0159\u00edtomn\u00fdm \u010dlen\u016fm p\u0159ed\u00e1ny nov\u00e9 legitimace svazu.<\/strong><\/p>\n\n\n\n<p><strong>O na\u0161\u00ed situaci vypov\u00edd\u00e1 zve\u0159ejn\u011bn\u00fd v\u00fdzva na webov\u00fdch str\u00e1nk\u00e1ch a kterou jste tak\u00e9 obdr\u017eeli e-mailem. Na ot\u00e1zky, kter\u00fdmi jsme \u017e\u00e1dali va\u0161i odpov\u011b\u010f jsme bohu\u017eel nic neobdr\u017eeli. Va\u0161e jmenovit\u00e9 n\u00e1vrhy na nov\u00fd v\u00fdbor za\u0161lete nejpozd\u011bji do 20.4. 2026 spolu se souhlasem doty\u010dn\u00e9ho ke kandidatu\u0159e.<\/strong><\/p>\n\n\n\n<p><strong>Program sjezdu:<\/strong><\/p>\n\n\n\n<ol>\n<li><strong><\/strong><strong>Zah\u00e1jen\u00ed &#8211;&nbsp; p\u0159edseda svazu<\/strong><\/li>\n\n\n\n<li><strong><\/strong><strong>Zpr\u00e1va o \u010dlensk\u00e9 z\u00e1kladn\u011b<\/strong><\/li>\n\n\n\n<li><strong><\/strong><strong>Volba volebn\u00ed a mand\u00e1tov\u00e9 komise<\/strong><\/li>\n\n\n\n<li><strong><\/strong><strong>Volba \u010dlen\u016f v\u00fdkonn\u00e9ho v\u00fdboru, p\u0159edsedy, m\u00edstop\u0159edsedy, tajemn\u00edka a \u010dlen\u016f revizn\u00ed komise<\/strong><\/li>\n\n\n\n<li><strong><\/strong><strong>Zpr\u00e1va o hospoda\u0159en\u00ed svazu<\/strong><\/li>\n\n\n\n<li><strong><\/strong><strong>Diskuse<\/strong><\/li>\n\n\n\n<li><strong><\/strong><strong>Z\u00e1v\u011br<\/strong><\/li>\n<\/ol>\n\n\n\n<p><strong>P\u0159\u00edsp\u011bvky do diskuse za\u0161lete p\u00edsemn\u011b do 20.4. 2026<\/strong><\/p>\n\n\n\n<p>Zden\u011bk Ku\u010dera, p\u0159edseda<\/p>\n\n\n\n<p>Odpov\u011bdi pros\u00edm zas\u00edlejte na na\u0161i e-mailovou adresu: <a href=\"mailto:cr.os.npm@gmail\"><strong>cr.os.npm@gmail<\/strong><\/a> &nbsp;<strong>do 20. dubna 2026<\/strong>, aby bylo mo\u017en\u00e9 p\u0159ipravit vyd\u00e1n\u00ed nov\u00fdch legitimac\u00ed a zah\u00e1jit \u010dinnost svazu.<\/p>\n\n\n\n<p>V&nbsp;Praze dne 2.4. 2026<\/p>\n\n\n\n<p>tajemn\u00edk Ing. Petr Masopust<\/p>\n\n\n\n<p>p\u0159edseda Zden\u011bk Ku\u010dera<\/p>\n\n\n\n<p><strong>Zmocn\u011bn\u00ed pro hlasov\u00e1n\u00ed na V. sjezdu OS NPM konan\u00e9ho dne 29.4. 2026<\/strong><\/p>\n\n\n\n<p><strong>T\u00edmto zmoc\u0148uji pana\/pan\u00ed \u2026\u2026\u2026\u2026\u2026\u2026\u2026\u2026\u2026\u2026\u2026\u2026 pro hlasov\u00e1n\u00ed na sjezdu OS NPM<\/strong><\/p>\n\n\n\n<p><strong>Jm\u00e9no a p\u0159\u00edjmen\u00ed \u2026\u2026\u2026\u2026\u2026\u2026\u2026\u2026\u2026\u2026\u2026\u2026\u2026\u2026\u2026\u2026. Podpis \u2026\u2026\u2026\u2026\u2026\u2026\u2026\u2026\u2026..<\/strong><\/p>\n\n\n\n<p><strong>Dne: \u2026\u2026\u2026\u2026\u2026\u2026\u2026\u2026\u2026\u2026 2026<\/strong><\/p>\n","protected":false},"excerpt":{"rendered":"<p>V\u00e1\u017een\u00ed kolegov\u00e9 a kolegyn\u011b Dne 8.2.2026 jste obdr\u017eeli mimo\u0159\u00e1dnou zpr\u00e1vu o stavu na\u0161\u00ed organizace. Bohu\u017eel se na\u0161e v\u00fdzva nesetkala s&nbsp;va\u0161\u00ed reakc\u00ed a nikdo se neozval. Teprve v&nbsp;pr\u016fb\u011bhu b\u0159ezna po\u017e\u00e1dal kolega \u0160efl a kolegyn\u011b Hara\u0161tov\u00e1 o svol\u00e1n\u00ed druh\u00e9ho mimo\u0159\u00e1dn\u00e9ho sjezdu, kter\u00fd rozhodne o na\u0161em pokra\u010dov\u00e1n\u00ed v&nbsp;\u010dinnosti nebo jej\u00edm ukon\u010den\u00ed. V&nbsp;souladu s&nbsp;\u010dl\u00e1nkem VI. Odstavec 5) a) svol\u00e1v\u00e1 &hellip; <\/p>\n<p class=\"link-more\"><a href=\"http:\/\/www.odborovysvaznovinaru.cz\/pages\/svolani-mimoradneho-sjezdu-odboroveho-svazu-novinaru-a-pracovniku-medii\/\" class=\"more-link\">Pokra\u010dovat ve \u010dten\u00ed<span class=\"screen-reader-text\"> &#8222;Svol\u00e1n\u00ed mimo\u0159\u00e1dn\u00e9ho sjezdu odborov\u00e9ho svazu novin\u00e1\u0159\u016f\u00a0\u00a0\u00a0\u00a0\u00a0\u00a0\u00a0\u00a0 a pracovn\u00edk\u016f m\u00e9di\u00ed&#8220;<\/span><\/a><\/p>\n","protected":false},"author":5,"featured_media":0,"comment_status":"closed","ping_status":"closed","sticky":true,"template":"","format":"standard","meta":{"footnotes":""},"categories":[8],"tags":[],"_links":{"self":[{"href":"http:\/\/www.odborovysvaznovinaru.cz\/pages\/wp-json\/wp\/v2\/posts\/956"}],"collection":[{"href":"http:\/\/www.odborovysvaznovinaru.cz\/pages\/wp-json\/wp\/v2\/posts"}],"about":[{"href":"http:\/\/www.odborovysvaznovinaru.cz\/pages\/wp-json\/wp\/v2\/types\/post"}],"author":[{"embeddable":true,"href":"http:\/\/www.odborovysvaznovinaru.cz\/pages\/wp-json\/wp\/v2\/users\/5"}],"replies":[{"embeddable":true,"href":"http:\/\/www.odborovysvaznovinaru.cz\/pages\/wp-json\/wp\/v2\/comments?post=956"}],"version-history":[{"count":2,"href":"http:\/\/www.odborovysvaznovinaru.cz\/pages\/wp-json\/wp\/v2\/posts\/956\/revisions"}],"predecessor-version":[{"id":958,"href":"http:\/\/www.odborovysvaznovinaru.cz\/pages\/wp-json\/wp\/v2\/posts\/956\/revisions\/958"}],"wp:attachment":[{"href":"http:\/\/www.odborovysvaznovinaru.cz\/pages\/wp-json\/wp\/v2\/media?parent=956"}],"wp:term":[{"taxonomy":"category","embeddable":true,"href":"http:\/\/www.odborovysvaznovinaru.cz\/pages\/wp-json\/wp\/v2\/categories?post=956"},{"taxonomy":"post_tag","embeddable":true,"href":"http:\/\/www.odborovysvaznovinaru.cz\/pages\/wp-json\/wp\/v2\/tags?post=956"}],"curies":[{"name":"wp","href":"https:\/\/api.w.org\/{rel}","templated":true}]}}