{"id":951,"date":"2026-02-20T12:31:03","date_gmt":"2026-02-20T11:31:03","guid":{"rendered":"http:\/\/www.odborovysvaznovinaru.cz\/pages\/?p=951"},"modified":"2026-02-20T12:31:07","modified_gmt":"2026-02-20T11:31:07","slug":"mimoradna-zprava-pro-cleny-odboroveho-svazu-novinaru-a-pracovniku-medii","status":"publish","type":"post","link":"http:\/\/www.odborovysvaznovinaru.cz\/pages\/mimoradna-zprava-pro-cleny-odboroveho-svazu-novinaru-a-pracovniku-medii\/","title":{"rendered":"Mimo\u0159\u00e1dn\u00e1 zpr\u00e1va pro \u010dleny odborov\u00e9ho svazu novin\u00e1\u0159\u016f\u00a0a pracovn\u00edk\u016f m\u00e9di\u00ed"},"content":{"rendered":"\n<p>V\u00e1\u017een\u00ed kolegov\u00e9 a kolegyn\u011b<\/p>\n\n\n\n<p>Jsme nuceni v\u00e1s informovat, \u017ee \u010dinnost na\u0161eho svazu v&nbsp;pr\u016fb\u011bhu roku 2025 prakticky byla utlumena. Od kon\u00e1n\u00ed mimo\u0159\u00e1dn\u00e9ho sjezdu dne 26.3. 2025 se bohu\u017eel nepoda\u0159ilo zaktivizovat \u010dlenskou z\u00e1kladnu. V\u00fdzva pro \u010dleny o v\u011bt\u0161\u00ed anga\u017eovanosti nebyla bohu\u017eel vysly\u0161ena. Ve\u0161ker\u00e1 spolkov\u00e1 \u010dinnost byla nulov\u00e1. B\u011bhem roku se nep\u0159ihl\u00e1sil nikdo z&nbsp;\u010dlen\u016f a \u010dlenek k&nbsp;p\u0159evzet\u00ed pr\u00e1ce pro n\u00e1\u0161 svaz, tak jak jsme \u017e\u00e1dali na mimo\u0159\u00e1dn\u00e9m sjezdu.<\/p>\n\n\n\n<p>Tajemn\u00edk svazu Petr Masopust ukon\u010dil pr\u00e1ci pro SMOSK a t\u00edm i nebyla mo\u017enost vyu\u017e\u00edvat jeho dosavadn\u00ed kancel\u00e1\u0159 pro na\u0161i pr\u00e1ci. Ale dostali jsme od na\u0161ich koleg\u016f z JTP o.s. mo\u017enost vyu\u017e\u00edvat prostory v&nbsp;jejich kancel\u00e1\u0159\u00edch v&nbsp;1 pat\u0159e budovy C na Senov\u00e1\u017en\u00e9m n\u00e1m\u011bst\u00ed 23. Bohu\u017eel zdravotn\u00ed stav tajemn\u00edka a pra\u017esk\u00e9ho \u010dlena v\u00fdboru Jan Parkmana v&nbsp;pr\u016fb\u011bhu l\u00e9ta a podzimu neumo\u017e\u0148oval aktivn\u00ed doch\u00e1zen\u00ed do kancel\u00e1\u0159e. Jedin\u00fd, kdo norm\u00e1ln\u011b fungoval byl tajemn\u00edk JTP o.s. Petr Kautsk\u00fd. Ten v\u0161ak s\u00e1m m\u00e1 p\u0159em\u00edru pr\u00e1ce pro JTP o.s. P\u0159edseda Zden\u011bk Ku\u010dera a m\u00edstop\u0159edseda Ji\u0159\u00ed Navr\u00e1til byli vzhledem k&nbsp;m\u00edstu sv\u00e9ho bydli\u0161t\u011b velmi obt\u00ed\u017en\u011b dosa\u017eiteln\u00ed. M\u011bli jsme zku\u0161enosti s&nbsp;elektronickou komunikac\u00ed z&nbsp;doby covidu, ale tou se nepoda\u0159ilo aktivizovat \u010dlenskou z\u00e1kladnu. <strong>Sou\u010dasn\u00e1 v\u011bkov\u00e1 struktura \u010dlen\u016f v\u00fdboru je 71 a\u017e 84 let a jejich zdravotn\u00ed stav je tak\u00e9 problematick\u00fd. Tato skute\u010dnost v\u00fdrazn\u011b omezuje akceschopnost svazu.<\/strong><\/p>\n\n\n\n<p><strong>Dal\u0161\u00edm probl\u00e9mem byly administrativn\u00ed na\u0159\u00edzen\u00ed st\u00e1tu p\u0159i registraci u banky, kdy n\u00e1m byla smlouva o na\u0161em bankovn\u00edm \u00fa\u010dtu zru\u0161ena. Zat\u00edm se n\u00e1m nepoda\u0159ilo \u00fa\u010det obnovit<\/strong>.<\/p>\n\n\n\n<p>Tyto skute\u010dnosti pak zap\u0159\u00ed\u010dinily i nemo\u017enost pokra\u010dovat v&nbsp;studentsk\u00e9 sout\u011b\u017ei o nejinspirativn\u011bj\u0161\u00ed studentsk\u00fd \u010dasopis.<\/p>\n\n\n\n<p><strong>V\u00fdbor dosp\u011bl k&nbsp;rozhodnut\u00ed, \u017ee by bylo nejlep\u0161\u00ed, ukon\u010dit na\u0161i odborovou \u010dinnost a svaz rozpustit<\/strong>. Obrac\u00edme se na v\u00e1s s&nbsp;v\u00fdzvou na odpov\u011b\u010f, zdali pokra\u010dovat v&nbsp;\u010dinnosti svazu nebo \u010dinnost ukon\u010dit. Jestli\u017ee v&nbsp;\u010dinnosti budeme pokra\u010dovat a \u010dlensk\u00e1 z\u00e1kladna tak rozhodne, je nutn\u00e9, aby se p\u0159ihl\u00e1sili minim\u00e1ln\u011b 4 \u010dlenov\u00e9, kte\u0159\u00ed cht\u011bj\u00ed p\u0159evz\u00edt pr\u00e1ci \u0159\u00edd\u00edc\u00edho v\u00fdboru.<\/p>\n\n\n\n<p><strong>\u017d\u00e1d\u00e1me v\u00e1s tedy o odpov\u011b\u010f na tyto ot\u00e1zky:<\/strong><\/p>\n\n\n\n<p><strong>Chci pokra\u010dovat v&nbsp;\u010dlenstv\u00ed odborov\u00e9ho svazu<\/strong><\/p>\n\n\n\n<p><strong>Chci se pod\u00edlet aktivn\u011b na pr\u00e1ci pro svaz<\/strong><\/p>\n\n\n\n<p>Odpov\u011bdi pros\u00edm zas\u00edlejte na na\u0161i e-mailovou adresu: <a href=\"mailto:cr.os.npm@gmail\" target=\"_blank\" rel=\"noreferrer noopener\"><strong>cr.os.npm@gmail<\/strong><\/a> &nbsp;<strong>do 9. b\u0159ezna<\/strong>, aby bylo mo\u017en\u00e9 p\u0159ipravit vyd\u00e1n\u00ed nov\u00fdch legitimac\u00ed a zah\u00e1jit \u010dinnost svazu.<\/p>\n\n\n\n<p>V&nbsp;Praze dne 8.2. 2026<\/p>\n","protected":false},"excerpt":{"rendered":"<p>V\u00e1\u017een\u00ed kolegov\u00e9 a kolegyn\u011b Jsme nuceni v\u00e1s informovat, \u017ee \u010dinnost na\u0161eho svazu v&nbsp;pr\u016fb\u011bhu roku 2025 prakticky byla utlumena. Od kon\u00e1n\u00ed mimo\u0159\u00e1dn\u00e9ho sjezdu dne 26.3. 2025 se bohu\u017eel nepoda\u0159ilo zaktivizovat \u010dlenskou z\u00e1kladnu. V\u00fdzva pro \u010dleny o v\u011bt\u0161\u00ed anga\u017eovanosti nebyla bohu\u017eel vysly\u0161ena. Ve\u0161ker\u00e1 spolkov\u00e1 \u010dinnost byla nulov\u00e1. B\u011bhem roku se nep\u0159ihl\u00e1sil nikdo z&nbsp;\u010dlen\u016f a \u010dlenek k&nbsp;p\u0159evzet\u00ed pr\u00e1ce &hellip; <\/p>\n<p class=\"link-more\"><a href=\"http:\/\/www.odborovysvaznovinaru.cz\/pages\/mimoradna-zprava-pro-cleny-odboroveho-svazu-novinaru-a-pracovniku-medii\/\" class=\"more-link\">Pokra\u010dovat ve \u010dten\u00ed<span class=\"screen-reader-text\"> &#8222;Mimo\u0159\u00e1dn\u00e1 zpr\u00e1va pro \u010dleny odborov\u00e9ho svazu novin\u00e1\u0159\u016f\u00a0a pracovn\u00edk\u016f m\u00e9di\u00ed&#8220;<\/span><\/a><\/p>\n","protected":false},"author":5,"featured_media":0,"comment_status":"closed","ping_status":"closed","sticky":true,"template":"","format":"standard","meta":{"footnotes":""},"categories":[8],"tags":[],"_links":{"self":[{"href":"http:\/\/www.odborovysvaznovinaru.cz\/pages\/wp-json\/wp\/v2\/posts\/951"}],"collection":[{"href":"http:\/\/www.odborovysvaznovinaru.cz\/pages\/wp-json\/wp\/v2\/posts"}],"about":[{"href":"http:\/\/www.odborovysvaznovinaru.cz\/pages\/wp-json\/wp\/v2\/types\/post"}],"author":[{"embeddable":true,"href":"http:\/\/www.odborovysvaznovinaru.cz\/pages\/wp-json\/wp\/v2\/users\/5"}],"replies":[{"embeddable":true,"href":"http:\/\/www.odborovysvaznovinaru.cz\/pages\/wp-json\/wp\/v2\/comments?post=951"}],"version-history":[{"count":1,"href":"http:\/\/www.odborovysvaznovinaru.cz\/pages\/wp-json\/wp\/v2\/posts\/951\/revisions"}],"predecessor-version":[{"id":952,"href":"http:\/\/www.odborovysvaznovinaru.cz\/pages\/wp-json\/wp\/v2\/posts\/951\/revisions\/952"}],"wp:attachment":[{"href":"http:\/\/www.odborovysvaznovinaru.cz\/pages\/wp-json\/wp\/v2\/media?parent=951"}],"wp:term":[{"taxonomy":"category","embeddable":true,"href":"http:\/\/www.odborovysvaznovinaru.cz\/pages\/wp-json\/wp\/v2\/categories?post=951"},{"taxonomy":"post_tag","embeddable":true,"href":"http:\/\/www.odborovysvaznovinaru.cz\/pages\/wp-json\/wp\/v2\/tags?post=951"}],"curies":[{"name":"wp","href":"https:\/\/api.w.org\/{rel}","templated":true}]}}