{"id":940,"date":"2026-02-20T12:09:20","date_gmt":"2026-02-20T11:09:20","guid":{"rendered":"http:\/\/www.odborovysvaznovinaru.cz\/pages\/?p=940"},"modified":"2026-02-20T12:34:59","modified_gmt":"2026-02-20T11:34:59","slug":"smutna-zprava-2","status":"publish","type":"post","link":"http:\/\/www.odborovysvaznovinaru.cz\/pages\/smutna-zprava-2\/","title":{"rendered":"SMUTN\u00c1 ZPR\u00c1VA"},"content":{"rendered":"\n<p>V\u00c1\u017dEN\u00cd KOLEGOV\u00c9 A KOLEGYN\u011a<\/p>\n\n\n\n<p>S HLUBOK\u00ddM Z\u00c1RMUTKEM V\u00c1M SD\u011aLUJI SMUTNOU ZPR\u00c1VU, \u017dE V\u010cERA ZEM\u0158EL ZAKL\u00c1DAJ\u00cdC\u00cd \u010cLEN NA\u0160\u00cd ORGANIZACE A \u010cLEN V\u00ddBORU JAN PARKMA V PO\u017dEHNAN\u00c9M V\u011aKU 84 LET. JAN BYL VYNIKAJ\u00cdC\u00cd FOTOGRAF A NOVIN\u00c1\u0158, KTER\u00dd SE SV\u00c9 PROFESI V\u011aNOVAL PRAKTICKY CEL\u00dd \u017dIVOT. TAK\u00c9 R\u00c1D P\u0158ED\u00c1VAL SV\u00c9 ZKU\u0160ENOSTI MLAD\u00ddM ADEPT\u016eM, JAKO LASKAV\u00dd PEDAGOG.\u00a0 PROS\u00cdM VZPOME\u0147TE SI NA N\u011aJ A POZVEDN\u011aTE \u010c\u00cd\u0160I NA JEHO ROZLOU\u010cEN\u00cd.<\/p>\n\n\n\n<p>Vystudoval Pedagogickou fakultu v Praze a postgradu\u00e1ln\u011b FAMU. Byl \u010dlenem Asociace profesion\u00e1ln\u00edch fotograf\u016f \u010cesk\u00e9 republiky a Syndik\u00e1tu novin\u00e1\u0159\u016f a OSNPM. Ve sv\u00e9 tvorb\u011b se v\u011bnoval p\u0159ev\u00e1\u017en\u011b dokument\u00e1rn\u00ed a report\u00e1\u017en\u00ed fotografii. V \u0161edes\u00e1t\u00fdch letech fotografoval nap\u0159. b\u00e1sn\u00edka Bulata Okud\u017eavu. Aktu\u00e1ln\u011b se zam\u011b\u0159oval na volnou tvorbu a pedagogickou \u010dinnost. Jeho d\u00edlo bylo prezentov\u00e1no na \u0159ad\u011b v\u00fdstav v \u010cech\u00e1ch i v zahrani\u010d\u00ed nap\u0159. Francie, N\u011bmecko, Belgie, \u0160v\u00fdcarsko.\u00a0<\/p>\n\n\n\n<figure class=\"wp-block-image size-large\"><img loading=\"lazy\" decoding=\"async\" width=\"699\" height=\"1024\" src=\"http:\/\/www.odborovysvaznovinaru.cz\/pages\/wp-content\/uploads\/2026\/02\/image-699x1024.png\" alt=\"\" class=\"wp-image-941\" srcset=\"http:\/\/www.odborovysvaznovinaru.cz\/pages\/wp-content\/uploads\/2026\/02\/image-699x1024.png 699w, http:\/\/www.odborovysvaznovinaru.cz\/pages\/wp-content\/uploads\/2026\/02\/image-205x300.png 205w, http:\/\/www.odborovysvaznovinaru.cz\/pages\/wp-content\/uploads\/2026\/02\/image-768x1125.png 768w, http:\/\/www.odborovysvaznovinaru.cz\/pages\/wp-content\/uploads\/2026\/02\/image-1049x1536.png 1049w, http:\/\/www.odborovysvaznovinaru.cz\/pages\/wp-content\/uploads\/2026\/02\/image.png 1398w\" sizes=\"(max-width: 699px) 100vw, 699px\" \/><\/figure>\n\n\n\n<figure class=\"wp-block-image size-full\"><img loading=\"lazy\" decoding=\"async\" width=\"720\" height=\"960\" src=\"http:\/\/www.odborovysvaznovinaru.cz\/pages\/wp-content\/uploads\/2026\/02\/image-1.png\" alt=\"\" class=\"wp-image-942\" srcset=\"http:\/\/www.odborovysvaznovinaru.cz\/pages\/wp-content\/uploads\/2026\/02\/image-1.png 720w, http:\/\/www.odborovysvaznovinaru.cz\/pages\/wp-content\/uploads\/2026\/02\/image-1-225x300.png 225w\" sizes=\"(max-width: 720px) 100vw, 720px\" \/><\/figure>\n","protected":false},"excerpt":{"rendered":"<p>V\u00c1\u017dEN\u00cd KOLEGOV\u00c9 A KOLEGYN\u011a S HLUBOK\u00ddM Z\u00c1RMUTKEM V\u00c1M SD\u011aLUJI SMUTNOU ZPR\u00c1VU, \u017dE V\u010cERA ZEM\u0158EL ZAKL\u00c1DAJ\u00cdC\u00cd \u010cLEN NA\u0160\u00cd ORGANIZACE A \u010cLEN V\u00ddBORU JAN PARKMA V PO\u017dEHNAN\u00c9M V\u011aKU 84 LET. JAN BYL VYNIKAJ\u00cdC\u00cd FOTOGRAF A NOVIN\u00c1\u0158, KTER\u00dd SE SV\u00c9 PROFESI V\u011aNOVAL PRAKTICKY CEL\u00dd \u017dIVOT. TAK\u00c9 R\u00c1D P\u0158ED\u00c1VAL SV\u00c9 ZKU\u0160ENOSTI MLAD\u00ddM ADEPT\u016eM, JAKO LASKAV\u00dd PEDAGOG.\u00a0 PROS\u00cdM VZPOME\u0147TE SI &hellip; <\/p>\n<p class=\"link-more\"><a href=\"http:\/\/www.odborovysvaznovinaru.cz\/pages\/smutna-zprava-2\/\" class=\"more-link\">Pokra\u010dovat ve \u010dten\u00ed<span class=\"screen-reader-text\"> &#8222;SMUTN\u00c1 ZPR\u00c1VA&#8220;<\/span><\/a><\/p>\n","protected":false},"author":5,"featured_media":0,"comment_status":"closed","ping_status":"closed","sticky":true,"template":"","format":"standard","meta":{"footnotes":""},"categories":[8],"tags":[],"_links":{"self":[{"href":"http:\/\/www.odborovysvaznovinaru.cz\/pages\/wp-json\/wp\/v2\/posts\/940"}],"collection":[{"href":"http:\/\/www.odborovysvaznovinaru.cz\/pages\/wp-json\/wp\/v2\/posts"}],"about":[{"href":"http:\/\/www.odborovysvaznovinaru.cz\/pages\/wp-json\/wp\/v2\/types\/post"}],"author":[{"embeddable":true,"href":"http:\/\/www.odborovysvaznovinaru.cz\/pages\/wp-json\/wp\/v2\/users\/5"}],"replies":[{"embeddable":true,"href":"http:\/\/www.odborovysvaznovinaru.cz\/pages\/wp-json\/wp\/v2\/comments?post=940"}],"version-history":[{"count":3,"href":"http:\/\/www.odborovysvaznovinaru.cz\/pages\/wp-json\/wp\/v2\/posts\/940\/revisions"}],"predecessor-version":[{"id":954,"href":"http:\/\/www.odborovysvaznovinaru.cz\/pages\/wp-json\/wp\/v2\/posts\/940\/revisions\/954"}],"wp:attachment":[{"href":"http:\/\/www.odborovysvaznovinaru.cz\/pages\/wp-json\/wp\/v2\/media?parent=940"}],"wp:term":[{"taxonomy":"category","embeddable":true,"href":"http:\/\/www.odborovysvaznovinaru.cz\/pages\/wp-json\/wp\/v2\/categories?post=940"},{"taxonomy":"post_tag","embeddable":true,"href":"http:\/\/www.odborovysvaznovinaru.cz\/pages\/wp-json\/wp\/v2\/tags?post=940"}],"curies":[{"name":"wp","href":"https:\/\/api.w.org\/{rel}","templated":true}]}}