{"id":877,"date":"2024-04-23T19:12:21","date_gmt":"2024-04-23T17:12:21","guid":{"rendered":"http:\/\/www.odborovysvaznovinaru.cz\/pages\/?p=877"},"modified":"2024-04-23T19:13:28","modified_gmt":"2024-04-23T17:13:28","slug":"neni-treba-smutnit-priste-to-urcite-vyjde","status":"publish","type":"post","link":"http:\/\/www.odborovysvaznovinaru.cz\/pages\/neni-treba-smutnit-priste-to-urcite-vyjde\/","title":{"rendered":"NEN\u00cd T\u0158EBA SMUTNIT, P\u0158\u00cd\u0160T\u011a TO UR\u010cIT\u011a VYJDE"},"content":{"rendered":"\n<p><strong>Sout\u011b\u017e o nejinspirativn\u011bj\u0161\u00ed s<a href=\"http:\/\/www.odborovysvaznovinaru.cz\/pages\/stredoskolsky-casopis-vyhlaseni-vitezu-ctrnacteho-rocniku\/\">t\u0159edo\u0161kolsk\u00fd \u010dasopis v&nbsp;roce 2023<\/a><\/strong><\/p>\n\n\n\n<p>V\u00e1\u017een\u00ed \u00fa\u010dastn\u00edci 15 ro\u010dn\u00edku sout\u011b\u017ee, studenti!<\/p>\n\n\n\n<p>P\u0159edev\u0161\u00edm bych v\u00e1m jm\u00e9nem hodnotitel\u016f a organiz\u00e1tor\u016f sout\u011b\u017ee o nejinspirativn\u011bj\u0161\u00ed studentsk\u00fd \u010dasopis a nejkr\u00e1sn\u011bj\u0161\u00ed st\u0159edo\u0161kolskou poezii cht\u011bl pod\u011bkovat za va\u0161i \u00fa\u010dast. I kdy\u017e se n\u011bkte\u0159\u00ed z&nbsp;v\u00e1s letos neum\u00edstili mezi finalisty, nen\u00ed t\u0159eba se rmoutit. Rozd\u00edly mezi jednotliv\u00fdmi \u010dasopisy byly opravdu velmi mal\u00e9. A p\u0159i hodnocen\u00ed jak\u00e9koliv liter\u00e1rn\u00ed a novin\u00e1\u0159sk\u00e9 pr\u00e1ce je d\u016fle\u017eit\u00fd p\u0159\u00edstup hodnotitel\u016f. Ka\u017ed\u00fd rok hodnotitel\u00e9 maj\u00ed individu\u00e1ln\u00ed krit\u00e9ria, kter\u00e1 z\u00e1vis\u00ed na mnoha nezn\u00e1m\u00fdch. D\u016fle\u017eit\u00e9 je, aby v\u00e1m va\u0161e \u010dinnost p\u0159in\u00e1\u0161el radost, pozn\u00e1n\u00ed a mo\u017enost vyjad\u0159ovat v&nbsp;dne\u0161n\u00edm sv\u011bt\u011b sv\u00e9 n\u00e1zory k&nbsp;problematice, kter\u00e1 v\u00e1s zaj\u00edm\u00e1 a kter\u00e1 v\u00e1s oslovuje. Pou\u017eiji vyj\u00e1d\u0159en\u00ed jednoho z&nbsp;hodnotitel\u016f. \u201e hlavn\u00ed je, \u017ee redakto\u0159i jsou ochotni v\u016fbec ps\u00e1t, a t\u00edm oslovuj\u00ed nejen sv\u00e9 spolu\u017e\u00e1ky, ale vyjad\u0159uj\u00ed sv\u00e9 n\u00e1zory na d\u011bn\u00ed ve \u0161kole a ve sv\u00e9m okol\u00ed a nep\u00ed\u0161\u00ed jen na TikTok rozho\u0159\u010den\u00e9 v\u00fdlevy bez smyslu a jazykov\u00e9 k\u00e1zn\u011b\u201c. Pro va\u0161i informaci uv\u00e1d\u00edm hodnot\u00edc\u00ed krit\u00e9ria, kter\u00e1 jsou pro hodnotitele z\u00e1vazn\u00e1. Jsou to:<\/p>\n\n\n\n<p>&#8211;&nbsp;&nbsp;&nbsp; v\u011bkov\u011b podm\u00edn\u011bn\u00e1 originalita&nbsp;&nbsp;&nbsp;&nbsp;&nbsp;&nbsp;&nbsp;&nbsp;&nbsp;&nbsp;&nbsp;&nbsp;&nbsp;&nbsp;&nbsp;&nbsp;&nbsp;&nbsp;&nbsp;&nbsp;&nbsp;&nbsp;&nbsp;&nbsp;&nbsp;&nbsp;&nbsp;&nbsp;&nbsp;&nbsp;&nbsp;&nbsp;&nbsp;&nbsp;&nbsp;&nbsp;&nbsp;&nbsp;&nbsp;&nbsp;&nbsp;&nbsp;&nbsp;&nbsp;&nbsp;&nbsp;&nbsp;&nbsp;&nbsp;&nbsp;&nbsp;&nbsp;&nbsp;&nbsp;&nbsp;&nbsp;&nbsp;&nbsp;&nbsp;&nbsp;&nbsp;&nbsp;&nbsp;&nbsp;&nbsp;&nbsp;&nbsp;&nbsp;&nbsp;&nbsp;&nbsp;&nbsp;&nbsp;&nbsp;&nbsp;&nbsp;&nbsp;&nbsp;&nbsp;&nbsp;&nbsp;&nbsp;&nbsp;&nbsp;&nbsp;&nbsp;&nbsp;&nbsp;&nbsp;&nbsp;&nbsp;&nbsp;&nbsp;&nbsp;<\/p>\n\n\n\n<p>&#8211;&nbsp;&nbsp;&nbsp; kreativita v&nbsp;esteticko v\u00fdchovn\u00fdch oblastech&nbsp;&nbsp;&nbsp;&nbsp;&nbsp;&nbsp;&nbsp;&nbsp;&nbsp;&nbsp;&nbsp;&nbsp;&nbsp;&nbsp;&nbsp;&nbsp;&nbsp;&nbsp;&nbsp;&nbsp;&nbsp;&nbsp;&nbsp;&nbsp;&nbsp;&nbsp;&nbsp;&nbsp;&nbsp;&nbsp;&nbsp;&nbsp;&nbsp;&nbsp;&nbsp;&nbsp;&nbsp;&nbsp;&nbsp;&nbsp;&nbsp;&nbsp;&nbsp;&nbsp;&nbsp;&nbsp;&nbsp;&nbsp;&nbsp;&nbsp;&nbsp;&nbsp;&nbsp;&nbsp;&nbsp;&nbsp;&nbsp;&nbsp;&nbsp;&nbsp;&nbsp;&nbsp;&nbsp;&nbsp;&nbsp;&nbsp;&nbsp;&nbsp;&nbsp;&nbsp;<\/p>\n\n\n\n<p>&#8211;&nbsp;&nbsp;&nbsp; studentsk\u00e1 problematika ve \u0161kole a vztahy student\u016f s&nbsp;u\u010diteli a s pomocn\u00fdmi \u0161koln\u00edmi&nbsp;&nbsp; pracovn\u00edky<\/p>\n\n\n\n<p>&#8211;&nbsp;&nbsp;&nbsp;vyj\u00e1d\u0159en\u00ed etick\u00fdch postoj\u016f<\/p>\n\n\n\n<p>&#8211;&nbsp;&nbsp;&nbsp;charakteristika spole\u010densk\u00fdch a politick\u00fdch postoj\u016f student\u016f<\/p>\n\n\n\n<p>&#8211;&nbsp;&nbsp;&nbsp; jazykov\u00e1 kultura<\/p>\n\n\n\n<p>&#8211;&nbsp;&nbsp;&nbsp; grafick\u00e1 \u00farove\u0148-\u00farove\u0148 zpracov\u00e1n\u00ed<\/p>\n\n\n\n<p>&#8211;&nbsp;&nbsp;&nbsp; faktick\u00e1 argumentace sou\u010dasn\u00e9ho d\u011bn\u00ed&nbsp;&nbsp;&nbsp;&nbsp;&nbsp;&nbsp;&nbsp;&nbsp;&nbsp;&nbsp;&nbsp;&nbsp;&nbsp;&nbsp;&nbsp;&nbsp;&nbsp;&nbsp;&nbsp;&nbsp;&nbsp;&nbsp;&nbsp;&nbsp;&nbsp;&nbsp;&nbsp;&nbsp;&nbsp;&nbsp;&nbsp;&nbsp;&nbsp;&nbsp;&nbsp;&nbsp;&nbsp;&nbsp;&nbsp;&nbsp;&nbsp;&nbsp;<\/p>\n\n\n\n<p>Z&nbsp;uveden\u00e9ho v\u00fd\u010dtu vypl\u00fdv\u00e1, \u017ee hodnocen\u00ed obsahuje r\u016fzn\u00e9 pohledy na tvorbu va\u0161eho \u010dasopisu a nen\u00ed snadn\u00e9 zvolit ten spr\u00e1vn\u00fd p\u0159\u00edstup a bodov\u00e9 ohodnocen\u00ed. V&nbsp;n\u011bkter\u00fdch p\u0159\u00edpadech tvorba \u010dasopisu sklouz\u00e1vala k&nbsp;propagaci \u0161koly a jej\u00edch nab\u00eddek. V&nbsp;tomto p\u0159\u00edpad\u011b by bylo vhodn\u011bj\u0161\u00ed v\u00edce prezentovat \u017eivot student\u016f a jejich n\u00e1zory. Obrac\u00edte se p\u0159ece na sv\u00e9 spolu\u017e\u00e1ky, rodi\u010de a \u0161ir\u0161\u00ed ve\u0159ejnost a sna\u017e\u00edte se jim sd\u011blit, co pova\u017eujete za podstatn\u00e9 a co v\u00e1s ve spole\u010densk\u00e9m d\u011bn\u00ed oslovuje.<\/p>\n\n\n\n<p>Jsem p\u0159esv\u011bd\u010den, \u017ee va\u0161e pr\u00e1ce nen\u00ed marn\u00e1. D\u00edky n\u00ed studenti, u\u010ditel\u00e9 i \u0161irok\u00e1 ve\u0159ejnost m\u00e1 mo\u017enost soci\u00e1ln\u00ed interakce a vhledu do my\u0161len\u00ed a starost\u00ed student\u016f. &nbsp;A d\u016fle\u017eit\u00e9 je p\u0159edev\u0161\u00edm pr\u00e1v\u011b ohlas a z\u00e1jem \u010dten\u00e1\u0159\u016f \u010dasopisu. Ten je nad v\u0161echna ocen\u011bn\u00ed. P\u0159eji v\u00e1m, aby se v\u00e1m va\u0161e redak\u010dn\u00ed pr\u00e1ce da\u0159ila a zvl\u00e1dali jste j\u00ed spolu s&nbsp;n\u00e1ro\u010dn\u00fdm studiem. No a snad p\u0159\u00ed\u0161t\u011b bude hodnocen\u00ed pro v\u00e1\u0161 \u010dasopis p\u0159\u00edzniv\u011bj\u0161\u00ed.<\/p>\n\n\n\n<p>S pozdravem Petr Masopust \u2013 tajemn\u00edk OS NPM<\/p>\n\n\n\n<p>V&nbsp;Praze dne 23.4. 2024<\/p>\n","protected":false},"excerpt":{"rendered":"<p>Sout\u011b\u017e o nejinspirativn\u011bj\u0161\u00ed st\u0159edo\u0161kolsk\u00fd \u010dasopis v&nbsp;roce 2023 V\u00e1\u017een\u00ed \u00fa\u010dastn\u00edci 15 ro\u010dn\u00edku sout\u011b\u017ee, studenti! P\u0159edev\u0161\u00edm bych v\u00e1m jm\u00e9nem hodnotitel\u016f a organiz\u00e1tor\u016f sout\u011b\u017ee o nejinspirativn\u011bj\u0161\u00ed studentsk\u00fd \u010dasopis a nejkr\u00e1sn\u011bj\u0161\u00ed st\u0159edo\u0161kolskou poezii cht\u011bl pod\u011bkovat za va\u0161i \u00fa\u010dast. I kdy\u017e se n\u011bkte\u0159\u00ed z&nbsp;v\u00e1s letos neum\u00edstili mezi finalisty, nen\u00ed t\u0159eba se rmoutit. Rozd\u00edly mezi jednotliv\u00fdmi \u010dasopisy byly opravdu velmi mal\u00e9. &hellip; <\/p>\n<p class=\"link-more\"><a href=\"http:\/\/www.odborovysvaznovinaru.cz\/pages\/neni-treba-smutnit-priste-to-urcite-vyjde\/\" class=\"more-link\">Pokra\u010dovat ve \u010dten\u00ed<span class=\"screen-reader-text\"> &#8222;NEN\u00cd T\u0158EBA SMUTNIT, P\u0158\u00cd\u0160T\u011a TO UR\u010cIT\u011a VYJDE&#8220;<\/span><\/a><\/p>\n","protected":false},"author":5,"featured_media":0,"comment_status":"closed","ping_status":"closed","sticky":false,"template":"","format":"standard","meta":{"footnotes":""},"categories":[8,7],"tags":[],"_links":{"self":[{"href":"http:\/\/www.odborovysvaznovinaru.cz\/pages\/wp-json\/wp\/v2\/posts\/877"}],"collection":[{"href":"http:\/\/www.odborovysvaznovinaru.cz\/pages\/wp-json\/wp\/v2\/posts"}],"about":[{"href":"http:\/\/www.odborovysvaznovinaru.cz\/pages\/wp-json\/wp\/v2\/types\/post"}],"author":[{"embeddable":true,"href":"http:\/\/www.odborovysvaznovinaru.cz\/pages\/wp-json\/wp\/v2\/users\/5"}],"replies":[{"embeddable":true,"href":"http:\/\/www.odborovysvaznovinaru.cz\/pages\/wp-json\/wp\/v2\/comments?post=877"}],"version-history":[{"count":2,"href":"http:\/\/www.odborovysvaznovinaru.cz\/pages\/wp-json\/wp\/v2\/posts\/877\/revisions"}],"predecessor-version":[{"id":879,"href":"http:\/\/www.odborovysvaznovinaru.cz\/pages\/wp-json\/wp\/v2\/posts\/877\/revisions\/879"}],"wp:attachment":[{"href":"http:\/\/www.odborovysvaznovinaru.cz\/pages\/wp-json\/wp\/v2\/media?parent=877"}],"wp:term":[{"taxonomy":"category","embeddable":true,"href":"http:\/\/www.odborovysvaznovinaru.cz\/pages\/wp-json\/wp\/v2\/categories?post=877"},{"taxonomy":"post_tag","embeddable":true,"href":"http:\/\/www.odborovysvaznovinaru.cz\/pages\/wp-json\/wp\/v2\/tags?post=877"}],"curies":[{"name":"wp","href":"https:\/\/api.w.org\/{rel}","templated":true}]}}