{"id":683,"date":"2023-05-04T08:48:14","date_gmt":"2023-05-04T06:48:14","guid":{"rendered":"http:\/\/www.odborovysvaznovinaru.cz\/pages\/?p=683"},"modified":"2023-06-13T09:09:53","modified_gmt":"2023-06-13T07:09:53","slug":"stredoskolsky-casopis-vyhlaseni-vitezu-ctrnacteho-rocniku","status":"publish","type":"post","link":"http:\/\/www.odborovysvaznovinaru.cz\/pages\/stredoskolsky-casopis-vyhlaseni-vitezu-ctrnacteho-rocniku\/","title":{"rendered":"St\u0159edo\u0161kolsk\u00fd \u010dasopis \u2013 vyhl\u00e1\u0161en\u00ed v\u00edt\u011bz\u016f \u010dtrn\u00e1ct\u00e9ho ro\u010dn\u00edku"},"content":{"rendered":"\n<p>V\u00e1\u017een\u00ed kolegov\u00e9, \u00fa\u010dastn\u00edci sout\u011b\u017ee,<\/p>\n\n\n\n<p>v leto\u0161n\u00edm ro\u010dn\u00edku se n\u00e1m se\u0161lo mnoho p\u0159ihl\u00e1\u0161ek a hodnocen\u00ed bylo velmi komplikovan\u00e9. V\u011bt\u0161ina zaslan\u00fdch \u010dasopis\u016f, a to jak elektronick\u00fdch, tak i ti\u0161t\u011bn\u00fdch m\u011bla velmi dobrou \u00farove\u0148. Tento ro\u010dn\u00edk potvrdil stoupaj\u00edc\u00ed z\u00e1jem student\u016f na kvalitn\u00ed tvorb\u011b a na grafick\u00e9m zpracov\u00e1n\u00ed. Hodnotitel\u00e9 m\u011bli pak velmi obt\u00ed\u017en\u00e9 zad\u00e1n\u00ed, ur\u010dit 10 finalist\u016f a 3 v\u00edt\u011bze. Proto je zve\u0159ejn\u011bn\u00ed 10 finalist\u016f a t\u0159\u00ed v\u00edt\u011bz\u016f spojeno do jednoho term\u00ednu, a to do dne 4. 5. 2023. O ud\u011blen\u00ed cen a odm\u011bn v\u00e1s budeme neprodlen\u011b informovat, jakmile se n\u00e1m poda\u0159\u00ed dojednat se sponzory ceny a jejich p\u0159ed\u00e1n\u00ed.  Veden\u00ed sout\u011b\u017ee rozhodlo, \u017ee kdy\u017e nebude mo\u017en\u00e9 zajistit hodnotn\u00e9 ceny pro redakce \u010dasopis\u016f, tak ur\u010dit\u011b za\u0161leme alespo\u0148 finan\u010dn\u00ed ohodnocen\u00ed. <\/p>\n\n\n\n<p>Tak\u00e9 jsme letos byli p\u0159ekvapeni velk\u00fdm po\u010dtem p\u0159ihl\u00e1\u0161ek do sout\u011b\u017ee <strong>Nejkr\u00e1sn\u011bj\u0161\u00ed st\u0159edo\u0161kolsk\u00e1 poezie<\/strong> &#8211;<strong> cena V\u00e1clava Br\u016f\u017eka otce t\u00e9to sout\u011b\u017ee<\/strong>. Zde byl v\u00fdb\u011br je\u0161t\u011b slo\u017eit\u011bj\u0161\u00ed. Jak sami v\u00edte, tak poezie je ten nejkr\u00e1sn\u011bj\u0161\u00ed a sou\u010dasn\u011b nejv\u00edce problematick\u00fd liter\u00e1rn\u00ed \u00fatvar k hodnocen\u00ed. Ka\u017ed\u00e9ho z n\u00e1s oslovuje konkr\u00e9tn\u00ed poezie n\u011b\u010d\u00edm jin\u00fdm. Proto hodnotitel\u00e9 uv\u00e1d\u011bj\u00ed v\u011bt\u0161\u00ed mno\u017estv\u00ed hodnocen\u00fdch b\u00e1sn\u00ed, jako pod\u011bkov\u00e1n\u00ed za tvorbu autor\u016fm. Ale stejn\u011b se nepoda\u0159ilo vybrat v\u0161e ke jejich spokojenosti. Hodnotitel\u00e9 mnohokr\u00e1t d\u011bkuj\u00ed za poetiku v\u0161em autor\u016fm a p\u0159ej\u00ed jim mnoho zdaru v dal\u0161\u00ed tvorb\u011b a t\u011b\u0161\u00ed se na dal\u0161\u00ed 15. ro\u010dn\u00edk. <\/p>\n\n\n\n<p><strong>Jako v\u017edy v\u00e1m zas\u00edl\u00e1me v\u00fdsledky a ocen\u011bn\u00ed prost\u0159ednictv\u00edm e-mailov\u00e9 komunikace, kterou jste ve va\u0161ich p\u0159ihl\u00e1\u0161k\u00e1ch uvedli.<\/strong> Pros\u00edme v\u0161echny finalisty, aby n\u00e1m na na\u0161i e-mailovou adresu <strong>cr.os.npm@gmail.com<\/strong> napsali maxim\u00e1ln\u011b jm\u00e9no a p\u0159\u00edjmen\u00ed 5 z\u00e1stupc\u016f redakce, kte\u0159\u00ed by pak obdr\u017eeli <strong>dvouro\u010dn\u00ed legitimaci OS NPM, <\/strong>kter\u00e1 m\u00e1 jist\u00e9 v\u00fdhody p\u0159i akreditac\u00edch a p\u0159i n\u00e1v\u0161t\u011bv\u00e1ch n\u011bkter\u00fdch kulturn\u00edch pam\u00e1tek, a to i v&nbsp;cel\u00e9 Evrop\u011b. Tot\u00e9\u017e plat\u00ed i pro finalisty nejkr\u00e1sn\u011bj\u0161\u00ed st\u0159edo\u0161kolsk\u00e9 poezie.<\/p>\n\n\n\n<p>Z\u00e1v\u011brem v\u00e1m v\u0161em d\u011bkuji za \u00fa\u010dast a v\u011b\u0159\u00edm, \u017ee sout\u011b\u017e bude pokra\u010dovat. V\u0161e v\u0161ak z\u00e1le\u017e\u00ed na z\u00e1jmu \u0161koln\u00edch redakc\u00ed na \u00fa\u010dasti v sout\u011b\u017ei. &nbsp;Jakmile budeme zn\u00e1t, jak\u00e9 ceny jsme zajistili, ozn\u00e1m\u00edme v\u00e1m to prost\u0159ednictv\u00edm e-mailu, kter\u00fd jste na p\u0159ihl\u00e1\u0161ce uvedli. U b\u00e1sn\u00ed na prvn\u00edch t\u0159ech m\u00edstech jsme rozhodli, \u017ee obdr\u017e\u00ed malou finan\u010dn\u00ed odm\u011bnu, kterou za\u0161leme na jejich \u00fa\u010det nebo \u00fa\u010det jejich \u0161koly. Uve\u010fte jako variabiln\u00ed symbol po\u0159ad\u00ed v&nbsp;sout\u011b\u017ei a 2022\/2023.<\/p>\n\n\n\n<p><strong>\u017d\u00e1d\u00e1me ocen\u011bn\u00e9 o sd\u011blen\u00ed \u010d\u00edsla \u00fa\u010dtu, na kter\u00fd ocen\u011bn\u00ed m\u00e1me poslat.<\/strong><\/p>\n\n\n\n<p>D\u011bkujeme za v\u00e1\u0161 z\u00e1jem o sout\u011b\u017e a p\u0159ejeme v\u00e1m mnoho tv\u016fr\u010d\u00edch n\u00e1pad\u016f a \u00fasp\u011bch\u016f. <\/p>\n\n\n\n<blockquote class=\"wp-block-quote\"><p>S pozdravem Petr Masopust \u2013 tajemn\u00edk OS NPM<\/p><\/blockquote>\n\n\n\n<h2 class=\"wp-block-heading\">Kategorie Nejkr\u00e1sn\u011bj\u0161\u00ed st\u0159edo\u0161kolsk\u00e1 poezie<\/h2>\n\n\n\n<p>Mimo\u0159\u00e1dn\u00e9 ocen\u011bn\u00ed je pro studenty Gymnazia Mlad\u00e1 Boleslav za hran\u00ed se slovy v jejich \u010dasopise \u0160koln\u00edk: \u201eLimeriky n\u00e1s bav\u00ed\u201c &#8211; Skl\u00e1d\u00e1n\u00ed haiku &#8211; \u010casopis \u0160koln\u00edk \u010d\u00edslo 2. a 3.<br>Cena 2 000 K\u010d<\/p>\n\n\n\n<ol type=\"1\"><li>m\u00edsto &#8211; cena 3 000 K\u010d<br><strong>Eli\u0161ka Ve\u0161krnov\u00e1 \u2013 Pokus o slam poetry<\/strong><\/li><li>m\u00edsto &#8211; cena 2 000 K\u010d <br><strong>Karol\u00edna Koren\u00e1 \u2013 Sluch\u00e1tka<\/strong><\/li><li>m\u00edsto &#8211; cena 1 000 K\u010d<br><strong>Jana Netu\u0161ilov\u00e1 \u2013 Balada o lidskosti<\/strong><br>a <br><strong>Magdal\u00e9na Ordetlov\u00e1 &#8211; Poho\u0159elick\u00e1 ukol\u00e9bavka a za b\u00e1sn\u011b v \u010dasopisu Tru\u0148k<\/strong><\/li><\/ol>\n\n\n\n<p><strong>finalist\u00e9 sout\u011b\u017ee &#8211; bez po\u0159ad\u00ed<\/strong><\/p>\n\n\n\n<p>Renata \u010cerm\u00e1kov\u00e1, Daniel Gajdov\u00e1, Ond\u0159ej Kavka, Kl\u00e1ra Krupov\u00e1, Veronika Kub\u00ed\u010dkov\u00e1, Eli\u0161ka Mal\u00e1, Ad\u00e9la Navr\u00e1tilov\u00e1, Eli\u0161ka Pinkasov\u00e1, Tom\u00e1\u0161 Podlas, Jakub Ra\u017enok, Zden\u011bk Sk\u00fdva, Beatrix Stoneov\u00e1, Veronika Trbolov\u00e1<\/p>\n\n\n\n<h2 class=\"wp-block-heading\">Kategorie Nejinspirativn\u011bj\u0161\u00ed st\u0159edo\u0161kolsk\u00fd \u010dasopis 2022\/2023 \u2013 ti\u0161t\u011bn\u00fd \u010dasopis<\/h2>\n\n\n\n<ol type=\"1\" id=\"block-249a6476-33d1-4ac2-a0d8-494ff6470ea7\"><li>m\u00edsto<br><strong><strong>Gilotina, Gymn\u00e1zium Brno-\u0158e\u010dkovice<\/strong><\/strong><\/li><li>m\u00edsto<br><strong><strong>BEZEV\u0160EHO, SO\u0160 medi\u00e1ln\u00ed grafiky a polygrafie Rumburk<\/strong><\/strong><br>a<br><strong>TRU\u0147K, Gymn\u00e1zium Uhersk\u00e9 hradi\u0161t\u011b<\/strong><\/li><li>m\u00edsto<br><strong><strong>\u0160aldoviny, Gymn\u00e1zium F. X. \u0160aldy v Liberci<\/strong><\/strong><\/li><\/ol>\n\n\n\n<p>Finalist\u00e9 sout\u011b\u017ee bez dal\u0161\u00edho po\u0159ad\u00ed<\/p>\n\n\n\n<ul><li>TEMPUS -Zem\u011bd\u011blsk\u00e1 akademie a gymn\u00e1zium Ho\u0159ice<\/li><li>Gympl\u00e1tek-Gymn\u00fdzium Nov\u00fd Ji\u010d\u00edn, p\u0159.or.<\/li><li>PEER-\u010dasopis prevence St\u0159edn\u00ed \u0161koly polygrafick\u00e9, Olomouc&nbsp;<\/li><li>SOUKROM\u00c1K &#8211; SOUKROM\u00c9 GYMN. T\u00c1BOR<\/li><li>\u0160koln\u00edk, Gymn\u00e1zium Mlad\u00e1 Boleslav, Palack\u00e9ho<\/li><li>Jaselsk\u00fd Kur\u00fdr, St\u0159edn\u00ed zdravotnick\u00e1 \u0161kola Brno, Jaselsk\u00e1, p\u0159\u00edsp\u011bvkov\u00e1 organizace<\/li><li>Je\u0159\u00e1b, St\u0159edn\u00ed pr\u016fmyslov\u00e1 \u0161kola stavebn\u00ed, Hradec Kr\u00e1lov\u00e9<\/li><\/ul>\n\n\n\n<h2 class=\"wp-block-heading\">Kategorie Nejinspirativn\u011bj\u0161\u00ed st\u0159edo\u0161kolsk\u00fd \u010dasopis &#8211; 2022\/2023 elektronick\u00fd \u010dasopis<\/h2>\n\n\n\n<ol type=\"1\" id=\"block-ea2b0500-06e9-4996-80c8-f67ab61c842c\"><li>m\u00edsto<br><strong><strong>Lerch\u00e1\u010d, Cyrilometod\u011bjsk\u00e9 gymn\u00e1zium a st\u0159edn\u00ed odborn\u00e1 \u0161kola pedagogick\u00e1 Brno<\/strong><\/strong><\/li><li>m\u00edsto<br><strong><strong>GLOSSARIUM &#8211; Wichterlovo gymn\u00e1zium, p.o.<\/strong><\/strong><br>a<br><strong><strong>\u0160aldoviny, Gymn\u00e1zium F. X. \u0160aldy v Liberci<\/strong><\/strong><\/li><li>m\u00edsto<br><strong><strong>Fac\u00edr &#8211; \u010cesk\u00e1 lesnick\u00e1 akademie<\/strong><\/strong><\/li><\/ol>\n\n\n\n<p>Finalist\u00e9 sout\u011b\u017ee bez dal\u0161\u00edho po\u0159ad\u00ed<\/p>\n\n\n\n<ul><li>GYBONOVINY &#8211; Gymn\u00e1zium Bo\u017eeny N\u011bmcov\u00e9<\/li><li>List (Litom\u011b\u0159ick\u00fd student), St\u0159edn\u00ed \u0161kola pedagogick\u00e1, hotelnictv\u00ed a slu\u017eeb, Litom\u011b\u0159ice<\/li><li>ECHO, St\u0159edn\u00ed pr\u016fmyslov\u00e1 a um\u011bleck\u00e1 \u0161kola, p\u0159\u00edsp\u011bvkov\u00e1 organizace, Hodon\u00edn<\/li><li>Obchodn\u00edk, Evropsk\u00e1 obchodn\u00ed akademie D\u011b\u010d\u00edn<\/li><li>Jaselsk\u00fd Kur\u00fdr, St\u0159edn\u00ed zdravotnick\u00e1 \u0161kola Brno, Jaselsk\u00e1, p\u0159\u00edsp\u011bvkov\u00e1 organizace<\/li><li>[S]press &#8211; Slovansk\u00e9 gymn\u00e1zium Olomouc<\/li><li>Doteky-Vy\u0161\u0161\u00ed odborn\u00e1 \u0161kola, St\u0159edn\u00ed \u0161kola, Z\u00e1kladn\u00ed \u0161kola a Mate\u0159sk\u00e1 \u0161kola, Hradec Kr\u00e1lov\u00e9<\/li><\/ul>\n\n\n\n<p><\/p>\n","protected":false},"excerpt":{"rendered":"<p>V\u00e1\u017een\u00ed kolegov\u00e9, \u00fa\u010dastn\u00edci sout\u011b\u017ee, v leto\u0161n\u00edm ro\u010dn\u00edku se n\u00e1m se\u0161lo mnoho p\u0159ihl\u00e1\u0161ek a hodnocen\u00ed bylo velmi komplikovan\u00e9. V\u011bt\u0161ina zaslan\u00fdch \u010dasopis\u016f, a to jak elektronick\u00fdch, tak i ti\u0161t\u011bn\u00fdch m\u011bla velmi dobrou \u00farove\u0148. Tento ro\u010dn\u00edk potvrdil stoupaj\u00edc\u00ed z\u00e1jem student\u016f na kvalitn\u00ed tvorb\u011b a na grafick\u00e9m zpracov\u00e1n\u00ed. Hodnotitel\u00e9 m\u011bli pak velmi obt\u00ed\u017en\u00e9 zad\u00e1n\u00ed, ur\u010dit 10 finalist\u016f a 3 &hellip; <\/p>\n<p class=\"link-more\"><a href=\"http:\/\/www.odborovysvaznovinaru.cz\/pages\/stredoskolsky-casopis-vyhlaseni-vitezu-ctrnacteho-rocniku\/\" class=\"more-link\">Pokra\u010dovat ve \u010dten\u00ed<span class=\"screen-reader-text\"> &#8222;St\u0159edo\u0161kolsk\u00fd \u010dasopis \u2013 vyhl\u00e1\u0161en\u00ed v\u00edt\u011bz\u016f \u010dtrn\u00e1ct\u00e9ho ro\u010dn\u00edku&#8220;<\/span><\/a><\/p>\n","protected":false},"author":5,"featured_media":0,"comment_status":"closed","ping_status":"closed","sticky":false,"template":"","format":"standard","meta":{"footnotes":""},"categories":[5,7],"tags":[],"_links":{"self":[{"href":"http:\/\/www.odborovysvaznovinaru.cz\/pages\/wp-json\/wp\/v2\/posts\/683"}],"collection":[{"href":"http:\/\/www.odborovysvaznovinaru.cz\/pages\/wp-json\/wp\/v2\/posts"}],"about":[{"href":"http:\/\/www.odborovysvaznovinaru.cz\/pages\/wp-json\/wp\/v2\/types\/post"}],"author":[{"embeddable":true,"href":"http:\/\/www.odborovysvaznovinaru.cz\/pages\/wp-json\/wp\/v2\/users\/5"}],"replies":[{"embeddable":true,"href":"http:\/\/www.odborovysvaznovinaru.cz\/pages\/wp-json\/wp\/v2\/comments?post=683"}],"version-history":[{"count":9,"href":"http:\/\/www.odborovysvaznovinaru.cz\/pages\/wp-json\/wp\/v2\/posts\/683\/revisions"}],"predecessor-version":[{"id":707,"href":"http:\/\/www.odborovysvaznovinaru.cz\/pages\/wp-json\/wp\/v2\/posts\/683\/revisions\/707"}],"wp:attachment":[{"href":"http:\/\/www.odborovysvaznovinaru.cz\/pages\/wp-json\/wp\/v2\/media?parent=683"}],"wp:term":[{"taxonomy":"category","embeddable":true,"href":"http:\/\/www.odborovysvaznovinaru.cz\/pages\/wp-json\/wp\/v2\/categories?post=683"},{"taxonomy":"post_tag","embeddable":true,"href":"http:\/\/www.odborovysvaznovinaru.cz\/pages\/wp-json\/wp\/v2\/tags?post=683"}],"curies":[{"name":"wp","href":"https:\/\/api.w.org\/{rel}","templated":true}]}}