{"id":660,"date":"2023-03-02T17:13:16","date_gmt":"2023-03-02T16:13:16","guid":{"rendered":"http:\/\/www.odborovysvaznovinaru.cz\/pages\/?p=660"},"modified":"2023-07-03T20:36:25","modified_gmt":"2023-07-03T18:36:25","slug":"rand-corp-valka-na-ukrajine-oslabuje-usa-proti-cine","status":"publish","type":"post","link":"http:\/\/www.odborovysvaznovinaru.cz\/pages\/rand-corp-valka-na-ukrajine-oslabuje-usa-proti-cine\/","title":{"rendered":"Rand Corp.: V\u00e1lka na Ukrajin\u011b oslabuje USA proti \u010c\u00edn\u011b"},"content":{"rendered":"\n<p><strong><em>D\u016fsledky dlouh\u00e9 v\u00e1lky na Ukrajin\u011b, sahaj\u00edc\u00ed od hrozby jadern\u00e9 eskalace a\u017e po hospod\u00e1\u0159sk\u00e9 \u0161kody, zdaleka p\u0159evy\u0161uj\u00ed jej\u00ed mo\u017en\u00e9 p\u0159\u00ednosy,\u201c<\/em><\/strong><strong> shrnuje d\u011bn\u00ed na Ukrajin\u011b zpr\u00e1va americk\u00e9 poradensk\u00e9 Rand Corporation. <a href=\"https:\/\/www.fintag.cz\" target=\"_blank\" rel=\"noreferrer noopener\">FinTag.cz<\/a> p\u0159in\u00e1\u0161\u00ed jej\u00ed t\u0159et\u00ed \u010d\u00e1st.<\/strong><\/p>\n\n\n\n<p>Jak zpr\u00e1va hodnot\u00ed sou\u010dasnou situaci na boji\u0161ti: Pokra\u010duj\u00edc\u00ed konflikt nech\u00e1v\u00e1 otev\u0159enou mo\u017enost, \u017ee Rusko zvr\u00e1t\u00ed ukrajinsk\u00e9 \u00fasp\u011bchy z podzimu 2022. Rusk\u00e1 mobilizace z\u0159ejm\u011b upevn\u00ed bojovou linii z prosince 2022 a p\u0159iprav\u00ed p\u016fdu pro leto\u0161n\u00ed ofenzivu. Intenzita rusk\u00e9 vojensk\u00e9 p\u0159\u00edtomnosti na Ukrajin\u011b se \u010dasem stane velkou z\u00e1t\u011b\u017e\u00ed. U\u017e nyn\u00ed se spekuluje o n\u00edzk\u00fdch z\u00e1sob\u00e1ch zbran\u00ed v Evrop\u011b a USA.<\/p>\n\n\n\n<p><em>\u201eJe proto \u010das se pt\u00e1t, zda del\u0161\u00ed v\u00e1lka povede k dal\u0161\u00edm \u00fazemn\u00edm zisk\u016fm Ukrajiny, nebo naopak,\u201c<\/em> p\u0159edkl\u00e1d\u00e1 zpr\u00e1va z\u00e1sadn\u00ed ot\u00e1zku, na kterou ale nikdo nezn\u00e1 odpov\u011b\u010f.<\/p>\n\n\n\n<p>N\u011bkte\u0159\u00ed si mysl\u00ed, \u017ee v\u00e1lku na Ukrajin\u011b ukon\u010d\u00ed jedn\u00e1n\u00ed letos v zim\u011b. Jin\u00ed tvrd\u00ed, \u017ee se pot\u00e1hne cel\u00e1 l\u00e9ta. Podle zpr\u00e1vy se ale st\u00e1le mnoho americk\u00fdch odborn\u00edk\u016f zdr\u00e1h\u00e1 tla\u010dit na ukon\u010den\u00ed konfliktu v dob\u011b, kdy m\u00e1 ukrajinsk\u00e1 arm\u00e1da na front\u011b \u00fasp\u011bchy. A v dob\u011b, kdy Ukrajinci z\u00e1rove\u0148 st\u00e1le \u201eochotn\u011b\u201c sn\u00e1\u0161ej\u00ed \u00fatrapy dlouh\u00e9 v\u00e1lky s vidinou dosa\u017een\u00ed \u00fasp\u011bchu.<\/p>\n\n\n\n<h2 class=\"wp-block-heading\">Argumenty pro dlouhou v\u00e1lku<\/h2>\n\n\n\n<p>I kdy\u017e by del\u0161\u00ed v\u00e1lka umo\u017enila Ukrajin\u011b znovu z\u00edskat zp\u011bt v\u011bt\u0161inu \u00fazem\u00ed, co\u017e je vysoce nepravd\u011bpodobn\u00e9, jak konstatuje zpr\u00e1va <a rel=\"noreferrer noopener\" href=\"https:\/\/www.fintag.cz\/2023\/02\/03\/rand-corp-dobry-konec-valky-na-ukrajine-je-nepravdepodobny\/\" target=\"_blank\">Rand Corp.: Dobr\u00fd konec v\u00e1lky na Ukrajin\u011b je nepravd\u011bpodobn\u00fd<\/a>, existuj\u00ed dal\u0161\u00ed faktory, kter\u00e9 by zap\u016fsobily na z\u00e1jmy USA.<\/p>\n\n\n\n<p><strong>Cel\u00fd \u010dl\u00e1nek si m\u016f\u017eete p\u0159e\u010d\u00edst :<\/strong><\/p>\n","protected":false},"excerpt":{"rendered":"<p>D\u016fsledky dlouh\u00e9 v\u00e1lky na Ukrajin\u011b, sahaj\u00edc\u00ed od hrozby jadern\u00e9 eskalace a\u017e po hospod\u00e1\u0159sk\u00e9 \u0161kody, zdaleka p\u0159evy\u0161uj\u00ed jej\u00ed mo\u017en\u00e9 p\u0159\u00ednosy,\u201c shrnuje d\u011bn\u00ed na Ukrajin\u011b zpr\u00e1va americk\u00e9 poradensk\u00e9 Rand Corporation. FinTag.cz p\u0159in\u00e1\u0161\u00ed jej\u00ed t\u0159et\u00ed \u010d\u00e1st. Jak zpr\u00e1va hodnot\u00ed sou\u010dasnou situaci na boji\u0161ti: Pokra\u010duj\u00edc\u00ed konflikt nech\u00e1v\u00e1 otev\u0159enou mo\u017enost, \u017ee Rusko zvr\u00e1t\u00ed ukrajinsk\u00e9 \u00fasp\u011bchy z podzimu 2022. Rusk\u00e1 mobilizace &hellip; <\/p>\n<p class=\"link-more\"><a href=\"http:\/\/www.odborovysvaznovinaru.cz\/pages\/rand-corp-valka-na-ukrajine-oslabuje-usa-proti-cine\/\" class=\"more-link\">Pokra\u010dovat ve \u010dten\u00ed<span class=\"screen-reader-text\"> &#8222;Rand Corp.: V\u00e1lka na Ukrajin\u011b oslabuje USA proti \u010c\u00edn\u011b&#8220;<\/span><\/a><\/p>\n","protected":false},"author":5,"featured_media":0,"comment_status":"closed","ping_status":"closed","sticky":false,"template":"","format":"standard","meta":{"footnotes":""},"categories":[9,15],"tags":[],"_links":{"self":[{"href":"http:\/\/www.odborovysvaznovinaru.cz\/pages\/wp-json\/wp\/v2\/posts\/660"}],"collection":[{"href":"http:\/\/www.odborovysvaznovinaru.cz\/pages\/wp-json\/wp\/v2\/posts"}],"about":[{"href":"http:\/\/www.odborovysvaznovinaru.cz\/pages\/wp-json\/wp\/v2\/types\/post"}],"author":[{"embeddable":true,"href":"http:\/\/www.odborovysvaznovinaru.cz\/pages\/wp-json\/wp\/v2\/users\/5"}],"replies":[{"embeddable":true,"href":"http:\/\/www.odborovysvaznovinaru.cz\/pages\/wp-json\/wp\/v2\/comments?post=660"}],"version-history":[{"count":2,"href":"http:\/\/www.odborovysvaznovinaru.cz\/pages\/wp-json\/wp\/v2\/posts\/660\/revisions"}],"predecessor-version":[{"id":662,"href":"http:\/\/www.odborovysvaznovinaru.cz\/pages\/wp-json\/wp\/v2\/posts\/660\/revisions\/662"}],"wp:attachment":[{"href":"http:\/\/www.odborovysvaznovinaru.cz\/pages\/wp-json\/wp\/v2\/media?parent=660"}],"wp:term":[{"taxonomy":"category","embeddable":true,"href":"http:\/\/www.odborovysvaznovinaru.cz\/pages\/wp-json\/wp\/v2\/categories?post=660"},{"taxonomy":"post_tag","embeddable":true,"href":"http:\/\/www.odborovysvaznovinaru.cz\/pages\/wp-json\/wp\/v2\/tags?post=660"}],"curies":[{"name":"wp","href":"https:\/\/api.w.org\/{rel}","templated":true}]}}