{"id":555,"date":"2021-04-11T21:21:18","date_gmt":"2021-04-11T19:21:18","guid":{"rendered":"http:\/\/www.odborovysvaznovinaru.cz\/pages\/?p=555"},"modified":"2022-12-03T18:23:00","modified_gmt":"2022-12-03T17:23:00","slug":"stredoskolsky-casopis-vyhlaseni-vitezu-dvanacteho-rocniku","status":"publish","type":"post","link":"http:\/\/www.odborovysvaznovinaru.cz\/pages\/stredoskolsky-casopis-vyhlaseni-vitezu-dvanacteho-rocniku\/","title":{"rendered":"St\u0159edo\u0161kolsk\u00fd \u010dasopis \u2013 vyhl\u00e1\u0161en\u00ed v\u00edt\u011bz\u016f dvan\u00e1ct\u00e9ho ro\u010dn\u00edku"},"content":{"rendered":"\n<p>V\u00e1\u017een\u00ed kolegov\u00e9, \u00fa\u010dastn\u00edci sout\u011b\u017ee,<\/p>\n\n\n\n<p>cht\u011bl bych v\u00e1m pod\u011bkovat za va\u0161e nad\u0161en\u00ed a ob\u011btavost se kter\u00fdmi d\u011bl\u00e1te n\u011bco, co je nad r\u00e1mec va\u0161\u00ed v\u00fduky a sna\u017e\u00edte se roz\u0161i\u0159ovat va\u0161e v\u011bdomosti i mimo ni. Va\u0161e \u010dinnost je o to z\u00e1slu\u017en\u011bj\u0161\u00ed, \u017ee j\u00ed realizujete ve slo\u017eit\u00e9 dob\u011b, kter\u00e1 trv\u00e1 ji\u017e v\u00edce ne\u017e rok, a je\u0161t\u011b mus\u00edte st\u00edhat v\u00fduku zp\u016fsobem, kter\u00fd byl pro v\u00e1s nezvykl\u00fd. O to cenn\u011bj\u0161\u00ed je va\u0161e soci\u00e1ln\u00ed interakce a snaha nez\u016fstat uzav\u0159eni v\u00a0ulit\u011b.\u00a0<\/p>\n\n\n\n<p>Bohu\u017eel ten, kter\u00fd celou sout\u011b\u017e vymyslel a organizoval n\u00e1\u0161 mil\u00fd kolega V\u00e1clav Br\u016f\u017eek podlehl n\u00e1sledk\u016fm coronaviru dne 9. dubna 2021. I on se do posledn\u00ed chv\u00edle pod\u00edlel na hodnocen\u00ed v\u00fdsledk\u016f sout\u011b\u017ee a st\u00e1le n\u00e1s nab\u00e1dal ke sp\u011bchu, aby se do\u010dkal vyhl\u00e1\u0161en\u00ed v\u00fdsledk\u016f. To se n\u00e1m ji\u017e nepoda\u0159ilo. Stejn\u011b jako my jeho kolegov\u00e9 a p\u0159\u00e1tel\u00e9 i vy jist\u011b vzpomenete na jeho el\u00e1n, humor a p\u0159\u00e1telsk\u00fd p\u0159\u00edstup k\u00a0v\u00e1m i n\u00e1m. Bude n\u00e1m v\u0161em chyb\u011bt.<\/p>\n\n\n\n<p>Abychom p\u0159eklenuli probl\u00e9my vypl\u00fdvaj\u00edc\u00ed z&nbsp;cestov\u00e1n\u00ed a ze setk\u00e1v\u00e1n\u00ed lid\u00ed, rozhodli jsme se, a to i vzhledem k&nbsp;ne\u010dekan\u00e9mu \u00famrt\u00ed V\u00e1clava Br\u016f\u017eka, k&nbsp;vyhl\u00e1\u0161en\u00ed v\u00edt\u011bz\u016f a finalist\u016f obou skupin najednou.<\/p>\n\n\n\n<p>Zas\u00edl\u00e1me v\u00e1m v\u00fdsledky a ocen\u011bn\u00ed prost\u0159ednictv\u00edm e-mailov\u00e9 komunikace, kterou jste ve va\u0161ich p\u0159ihl\u00e1\u0161k\u00e1ch uvedli. Pros\u00edme v\u0161echny finalisty, aby n\u00e1m na na\u0161i e-mailovou adresu <strong>cr.os.npm@gmail.com<\/strong> napsali maxim\u00e1ln\u011b jm\u00e9no a p\u0159\u00edjmen\u00ed 5 z\u00e1stupc\u016f redakce, kte\u0159\u00ed by pak obdr\u017eeli dvouro\u010dn\u00ed legitimaci OS NPM, kter\u00e1 m\u00e1 jist\u00e9 v\u00fdhody p\u0159i akreditac\u00edch a p\u0159i n\u00e1v\u0161t\u011bv\u00e1ch n\u011bkter\u00fdch kulturn\u00edch pam\u00e1tek, a\u017e budou otev\u0159eny, a to i v&nbsp;cel\u00e9 Evrop\u011b.<\/p>\n\n\n\n<p>Z\u00e1v\u011brem v\u00e1m v\u0161em d\u011bkuji za \u00fa\u010dast a v\u011b\u0159\u00edm, \u017ee se n\u00e1m poda\u0159\u00ed i bez dobr\u00e9 du\u0161e sout\u011b\u017ee uskute\u010dnit i dal\u0161\u00ed ro\u010dn\u00edky. \u00a0Proto\u017ee op\u011bt nen\u00ed mo\u017enost v\u00e1m ofici\u00e1ln\u011b p\u0159edat poh\u00e1ry v\u00edt\u011bz\u016f, obdr\u017e\u00ed finalist\u00e9 na prvn\u00edch t\u0159ech m\u00edstech a v\u00edt\u011bz sout\u011b\u017ee <strong><em>St\u0159edo\u0161kolsk\u00e1 poezie<\/em><\/strong> malou finan\u010dn\u00ed odm\u011bnu, kterou v\u00e1m za\u0161leme na v\u00e1\u0161 \u00fa\u010det nebo \u00fa\u010det va\u0161\u00ed \u0161koly. Uve\u010fte jako variabiln\u00ed symbol po\u0159ad\u00ed v\u00a0sout\u011b\u017ei a 2021. <strong>\u017d\u00e1d\u00e1me v\u00edt\u011bze o sd\u011blen\u00ed \u010d\u00edsla \u00fa\u010dtu, na kter\u00fd ocen\u011bn\u00ed m\u00e1me poslat.<\/strong><\/p>\n\n\n\n<p>D\u011bkujeme za v\u00e1\u0161 z\u00e1jem o sout\u011b\u017e a p\u0159ejeme v\u00e1m mnoho tv\u016fr\u010d\u00edch n\u00e1pad\u016f a \u00fasp\u011bch\u016f.<\/p>\n\n\n\n<blockquote class=\"wp-block-quote\"><p>S pozdravem Petr Masopust \u2013 tajemn\u00edk OS NPM<\/p><\/blockquote>\n\n\n\n<h2 class=\"wp-block-heading\">Kategorie St\u0159edo\u0161kolsk\u00e1 poezie<\/h2>\n\n\n\n<ol type=\"1\"><li>m\u00edsto \u2013 cena 1 000 K\u010d<br><strong>Dita Mat\u011bjkov\u00e1, <\/strong>Masarykovo gymn\u00e1zium P\u0159\u00edbor, 4. A<\/li><\/ol>\n\n\n\n<h2 class=\"wp-block-heading\">Kategorie Ti\u0161t\u011bn\u00fd \u010dasopis 2020<\/h2>\n\n\n\n<ol type=\"1\"><li>m\u00edsto \u2013 cena 3 000 K\u010d<br><strong>\u0160koln\u00edk<\/strong>, Gymn\u00e1zium Mlad\u00e1 Boleslav, Palack\u00e9ho<\/li><li>m\u00edsto \u2013 cena 2 000 K\u010d<br><strong>TRU\u0147K<\/strong>, Gymn\u00e1zium Uhersk\u00e9 hradi\u0161t\u011b<\/li><li>m\u00edsto \u2013 cena 1 000 K\u010d<br><strong>Vednem\u011bs\u00ed\u010dn\u00edk<\/strong>, Biskupsk\u00e9 gymn\u00e1zium J. N. Neumanna \u010cesk\u00e9 Bud\u011bjovice<\/li><\/ol>\n\n\n\n<p>Finalist\u00e9 sout\u011b\u017ee bez dal\u0161\u00edho po\u0159ad\u00ed<\/p>\n\n\n\n<ul><li>Jaselsk\u00fd Kur\u00fdr, St\u0159edn\u00ed zdravotnick\u00e1 \u0161kola Brno, Jaselsk\u00e1, p\u0159\u00edsp\u011bvkov\u00e1 organizace<\/li><li>GYBEAT, Gymn\u00e1zium Bud\u011bjovick\u00e1<\/li><li>G\u00fastav, Gymn\u00e1zium Ro\u017enov pod Radho\u0161t\u011bm<\/li><li>Agro magaz\u00edn, Soukrom\u00e1 st\u0159edn\u00ed \u0161kola zem\u011bd\u011blsk\u00e1 s.r.o.<\/li><li>\u0160aldoviny, Gymn\u00e1zium F. X. \u0160aldy v Liberci<\/li><li>Kompot, Gymn\u00e1zium Praha 9<\/li><li>OA O\u010dko, Obchodn\u00ed akademie a VO\u0160S<\/li><\/ul>\n\n\n\n<h2 class=\"wp-block-heading\">Kategorie e-\u010casopis 2020<\/h2>\n\n\n\n<ol type=\"1\"><li>m\u00edsto cena 3.000,-K\u010d<br><strong>TRU\u0147K<\/strong>, Gymn\u00e1zium Uhersk\u00e9 hradi\u0161t\u011b<\/li><li>m\u00edsto cena 2.000,-K\u010d<br><strong>\u0160koln\u00edk<\/strong>, Gymn\u00e1zium Mlad\u00e1 Boleslav, Palack\u00e9ho<\/li><li>m\u00edsto cena 1.000,-K\u010d<br><strong>Vednem\u011bs\u00ed\u010dn\u00edk<\/strong>, Biskupsk\u00e9 gymn\u00e1zium J. N. Neumanna \u010cesk\u00e9 Bud\u011bjovice<\/li><\/ol>\n\n\n\n<p>Finalist\u00e9 sout\u011b\u017ee bez dal\u0161\u00edho po\u0159ad\u00ed<\/p>\n\n\n\n<ul><li>Gympl\u00e1tek-Gymn\u00fdzium Nov\u00fd Ji\u010d\u00edn, p\u0159.or.<\/li><li>LU\u0160T\u011aNINY, Doctrina-Podje\u0161t\u011bdsk\u00e9 gymn\u00e1zium, Liberec.<\/li><li>Gilotina, Gymn\u00e1zium Brno-\u0158e\u010dkovice<\/li><li>ECHO, St\u0159edn\u00ed pr\u016fmyslov\u00e1 a um\u011bleck\u00e1 \u0161kola, p\u0159\u00edsp\u011bvkov\u00e1 organizace, Hodon\u00edn<\/li><li>Restart, Masarykovo gymn\u00e1zium P\u0159\u00edbor, p.o.<\/li><li>Jaselsk\u00fd Kur\u00fdr, St\u0159edn\u00ed zdravotnick\u00e1 \u0161kola Brno, Jaselsk\u00e1, p\u0159\u00edsp\u011bvkov\u00e1 organizace<\/li><li>Lerch\u00e1\u010d, Cyrilometod\u011bjsk\u00e9 gymn\u00e1zium a st\u0159edn\u00ed odborn\u00e1 \u0161kola pedagogick\u00e1 Brno<\/li><\/ul>\n","protected":false},"excerpt":{"rendered":"<p>V\u00e1\u017een\u00ed kolegov\u00e9, \u00fa\u010dastn\u00edci sout\u011b\u017ee, cht\u011bl bych v\u00e1m pod\u011bkovat za va\u0161e nad\u0161en\u00ed a ob\u011btavost se kter\u00fdmi d\u011bl\u00e1te n\u011bco, co je nad r\u00e1mec va\u0161\u00ed v\u00fduky a sna\u017e\u00edte se roz\u0161i\u0159ovat va\u0161e v\u011bdomosti i mimo ni. Va\u0161e \u010dinnost je o to z\u00e1slu\u017en\u011bj\u0161\u00ed, \u017ee j\u00ed realizujete ve slo\u017eit\u00e9 dob\u011b, kter\u00e1 trv\u00e1 ji\u017e v\u00edce ne\u017e rok, a je\u0161t\u011b mus\u00edte st\u00edhat v\u00fduku &hellip; <\/p>\n<p class=\"link-more\"><a href=\"http:\/\/www.odborovysvaznovinaru.cz\/pages\/stredoskolsky-casopis-vyhlaseni-vitezu-dvanacteho-rocniku\/\" class=\"more-link\">Pokra\u010dovat ve \u010dten\u00ed<span class=\"screen-reader-text\"> &#8222;St\u0159edo\u0161kolsk\u00fd \u010dasopis \u2013 vyhl\u00e1\u0161en\u00ed v\u00edt\u011bz\u016f dvan\u00e1ct\u00e9ho ro\u010dn\u00edku&#8220;<\/span><\/a><\/p>\n","protected":false},"author":2,"featured_media":0,"comment_status":"closed","ping_status":"closed","sticky":false,"template":"","format":"standard","meta":{"footnotes":""},"categories":[7],"tags":[],"_links":{"self":[{"href":"http:\/\/www.odborovysvaznovinaru.cz\/pages\/wp-json\/wp\/v2\/posts\/555"}],"collection":[{"href":"http:\/\/www.odborovysvaznovinaru.cz\/pages\/wp-json\/wp\/v2\/posts"}],"about":[{"href":"http:\/\/www.odborovysvaznovinaru.cz\/pages\/wp-json\/wp\/v2\/types\/post"}],"author":[{"embeddable":true,"href":"http:\/\/www.odborovysvaznovinaru.cz\/pages\/wp-json\/wp\/v2\/users\/2"}],"replies":[{"embeddable":true,"href":"http:\/\/www.odborovysvaznovinaru.cz\/pages\/wp-json\/wp\/v2\/comments?post=555"}],"version-history":[{"count":6,"href":"http:\/\/www.odborovysvaznovinaru.cz\/pages\/wp-json\/wp\/v2\/posts\/555\/revisions"}],"predecessor-version":[{"id":561,"href":"http:\/\/www.odborovysvaznovinaru.cz\/pages\/wp-json\/wp\/v2\/posts\/555\/revisions\/561"}],"wp:attachment":[{"href":"http:\/\/www.odborovysvaznovinaru.cz\/pages\/wp-json\/wp\/v2\/media?parent=555"}],"wp:term":[{"taxonomy":"category","embeddable":true,"href":"http:\/\/www.odborovysvaznovinaru.cz\/pages\/wp-json\/wp\/v2\/categories?post=555"},{"taxonomy":"post_tag","embeddable":true,"href":"http:\/\/www.odborovysvaznovinaru.cz\/pages\/wp-json\/wp\/v2\/tags?post=555"}],"curies":[{"name":"wp","href":"https:\/\/api.w.org\/{rel}","templated":true}]}}